{"id":2154,"global_id":"www.sakristanen-zh-sh.ch\/wordpress?id=2154","global_id_lineage":["www.sakristanen-zh-sh.ch\/wordpress?id=2154"],"author":"1","status":"publish","date":"2019-03-18 21:52:50","date_utc":"2019-03-18 20:52:50","modified":"2019-03-18 21:52:50","modified_utc":"2019-03-18 20:52:50","url":"https:\/\/www.sakristanen-zh-sh.ch\/wordpress\/?tribe_events=generalversammlung-2019","rest_url":"https:\/\/www.sakristanen-zh-sh.ch\/wordpress\/index.php?rest_route=\/tribe\/events\/v1\/events\/2154","title":"Generalversammlung 2019","description":"<p><b>73. Generalversammlung<span class=\"Apple-converted-space\">\u00a0<\/span><\/b><b>der Sakristanenvereinigung Z\u00fcrich &amp; Schaffhausen in St. Benignus, Pf\u00e4ffikon<\/b><\/p>\n<p><b>Wann:<br \/>\n<\/b>Mittwoch 20. M\u00e4rz 2019<br \/>\n18:00 Gottesdienst<br \/>\nca. 20:00 Generalversammlung<\/p>\n<p><strong>Wo:<\/strong><br \/>\nPfarrei St. Benignus<br \/>\nSch\u00e4rackerstrasse 14<br \/>\n8330 Pf\u00e4ffikon ZH<\/p>\n<p><strong>Anmeldeschluss:\u00a0<\/strong>10. M\u00e4rz 2019<\/p>\n<p><b>An-\/Abmeldung ist Pflicht!<\/b><\/p>\n<p><b>Antr\u00e4ge an das Pr\u00e4sidium bitte ebenfalls bis sp\u00e4testens 10. M\u00e4rz 2019 direkt bei der Pr\u00e4sidentin einreichen. Antr\u00e4ge, die nach diesem Datum eintreffen, k\u00f6nnen leider nicht mehr an der GV 2019 ber\u00fccksichtigt werden.<\/b><\/p>\n<p>Adresse f\u00fcr An-\/Abmeldung sowie Antr\u00e4ge:<\/p>\n<p>Yvonne Ent<br \/>\nDorfstrasse 21<br \/>\n8248 Uhwiesen<br \/>\npraesident@sakristanen-zh-sh.ch<\/p>","excerpt":"","slug":"generalversammlung-2019","image":false,"all_day":false,"start_date":"2019-03-20 18:00:00","start_date_details":{"year":"2019","month":"03","day":"20","hour":"18","minutes":"00","seconds":"00"},"end_date":"2019-03-20 22:00:00","end_date_details":{"year":"2019","month":"03","day":"20","hour":"22","minutes":"00","seconds":"00"},"utc_start_date":"2019-03-20 17:00:00","utc_start_date_details":{"year":"2019","month":"03","day":"20","hour":"17","minutes":"00","seconds":"00"},"utc_end_date":"2019-03-20 21:00:00","utc_end_date_details":{"year":"2019","month":"03","day":"20","hour":"21","minutes":"00","seconds":"00"},"timezone":"UTC+1","timezone_abbr":"","cost":"","cost_details":{"currency_symbol":"","currency_code":"","currency_position":"prefix","values":[]},"website":"","show_map":true,"show_map_link":true,"hide_from_listings":false,"sticky":false,"featured":false,"categories":[],"tags":[],"venue":[],"organizer":[],"custom_fields":[],"json_ld":{"@context":"http:\/\/schema.org","@type":"Event","name":"Generalversammlung 2019","description":"&lt;p&gt;73. Generalversammlung\u00a0der Sakristanenvereinigung Z\u00fcrich &amp; Schaffhausen in St. Benignus, Pf\u00e4ffikon Wann: Mittwoch 20. M\u00e4rz 2019 18:00 Gottesdienst ca. 20:00 Generalversammlung Wo: Pfarrei St. Benignus Sch\u00e4rackerstrasse 14 8330 Pf\u00e4ffikon ZH Anmeldeschluss:\u00a010. &hellip; &lt;a href=&quot;https:\/\/www.sakristanen-zh-sh.ch\/wordpress\/?tribe_events=generalversammlung-2019&quot; class=&quot;more-link&quot;&gt;&lt;span class=&quot;screen-reader-text&quot;&gt;Generalversammlung 2019&lt;\/span&gt; weiterlesen &lt;span class=&quot;meta-nav&quot;&gt;&rarr;&lt;\/span&gt;&lt;\/a&gt;&lt;\/p&gt;\\n","url":"https:\/\/www.sakristanen-zh-sh.ch\/wordpress\/?tribe_events=generalversammlung-2019","eventAttendanceMode":"https:\/\/schema.org\/OfflineEventAttendanceMode","eventStatus":"https:\/\/schema.org\/EventScheduled","startDate":"2019-03-20T18:00:00+01:00","endDate":"2019-03-20T22:00:00+01:00","performer":"Organization"}}