{"id":2685,"global_id":"www.sakristanen-zh-sh.ch\/wordpress?id=2685","global_id_lineage":["www.sakristanen-zh-sh.ch\/wordpress?id=2685"],"author":"1","status":"publish","date":"2022-02-12 12:47:46","date_utc":"2022-02-12 11:47:46","modified":"2022-04-09 13:38:02","modified_utc":"2022-04-09 12:38:02","url":"https:\/\/www.sakristanen-zh-sh.ch\/wordpress\/?tribe_events=wallfahrt-nach-einsiedeln","rest_url":"https:\/\/www.sakristanen-zh-sh.ch\/wordpress\/index.php?rest_route=\/tribe\/events\/v1\/events\/2685","title":"Wallfahrt nach Einsiedeln","description":"<p>Wallfahrt nach Einsiedeln, organisiert vom Schweizerischen Sakristanenverband<\/p>\n<p>Abfahrt: 8:00 Uhr in Z\u00fcrich, Carparkplatz Sihlquai<\/p>\n<p>Ankunft Einsiedeln: ca. 9:00 Uhr<\/p>\n<p>Programm:<\/p>\n<p style=\"padding-left: 40px;\">9:30 Einzug von Bischof Dr. Joseph Maria Bonnemain, der Konzelebranten, des\u00a0Zentralvorstandes und der Kantonalpr\u00e4sidenten\u00a0Feierlicher Gottesdienst in Konzelebration mit Bischof Dr. Joseph Maria\u00a0Bonnemain, der auch die Festpredigt h\u00e4lt<br \/>\n12:00 Mittagessen im Dorfzentrum<br \/>\n14:30 Andacht mit eucharistischem Segen<br \/>\n16:30 Vesper der M\u00f6nche mit Salve Regina<\/p>\n<p>R\u00fcckreise: ca. 17:30 Uhr ab Einsideln<\/p>\n<p>Ankunft Z\u00fcrich: ca. 18:30 Uhr<\/p>\n<p>Reisekosten:<br \/>\nF\u00fcr das gemeinsame Mittagessen (inklusive ein Getr\u00e4nk) kommt die Zentralkasse auf. Die Kosten f\u00fcr den Car f\u00fcr die Hin- und R\u00fcckfahrt \u00fcbernimmt die Vereinskasse, die Wallfahrt ist also f\u00fcr alle Mitglieder der Sakristanenvereinigung Z\u00fcrich und Schaffhausen kostenlos.<\/p>\n<p>Anmeldeschluss: Freitag, 8. April 2022<\/p>","excerpt":"","slug":"wallfahrt-nach-einsiedeln","image":false,"all_day":true,"start_date":"2022-05-17 00:00:00","start_date_details":{"year":"2022","month":"05","day":"17","hour":"00","minutes":"00","seconds":"00"},"end_date":"2022-05-17 23:59:59","end_date_details":{"year":"2022","month":"05","day":"17","hour":"23","minutes":"59","seconds":"59"},"utc_start_date":"2022-05-16 23:00:00","utc_start_date_details":{"year":"2022","month":"05","day":"16","hour":"23","minutes":"00","seconds":"00"},"utc_end_date":"2022-05-17 22:59:59","utc_end_date_details":{"year":"2022","month":"05","day":"17","hour":"22","minutes":"59","seconds":"59"},"timezone":"UTC+1","timezone_abbr":"UTC+1","cost":"","cost_details":{"currency_symbol":"","currency_code":"","currency_position":"prefix","values":[]},"website":"","show_map":false,"show_map_link":false,"hide_from_listings":false,"sticky":false,"featured":false,"categories":[],"tags":[],"venue":[],"organizer":[],"custom_fields":[],"json_ld":{"@context":"http:\/\/schema.org","@type":"Event","name":"Wallfahrt nach Einsiedeln","description":"&lt;p&gt;Wallfahrt nach Einsiedeln, organisiert vom Schweizerischen Sakristanenverband Abfahrt: 8:00 Uhr in Z\u00fcrich, Carparkplatz Sihlquai Ankunft Einsiedeln: ca. 9:00 Uhr Programm: 9:30 Einzug von Bischof Dr. Joseph Maria Bonnemain, der Konzelebranten, &hellip; &lt;a href=&quot;https:\/\/www.sakristanen-zh-sh.ch\/wordpress\/?tribe_events=wallfahrt-nach-einsiedeln&quot; class=&quot;more-link&quot;&gt;&lt;span class=&quot;screen-reader-text&quot;&gt;Wallfahrt nach Einsiedeln&lt;\/span&gt; weiterlesen &lt;span class=&quot;meta-nav&quot;&gt;&rarr;&lt;\/span&gt;&lt;\/a&gt;&lt;\/p&gt;\\n","url":"https:\/\/www.sakristanen-zh-sh.ch\/wordpress\/?tribe_events=wallfahrt-nach-einsiedeln","eventAttendanceMode":"https:\/\/schema.org\/OfflineEventAttendanceMode","eventStatus":"https:\/\/schema.org\/EventScheduled","startDate":"2022-05-17T00:00:00+01:00","endDate":"2022-05-17T23:59:59+01:00","performer":"Organization"}}